{"id":1721,"date":"2026-03-04T12:34:06","date_gmt":"2026-03-04T12:34:06","guid":{"rendered":"https:\/\/www.forgenderseal.org\/?p=1721"},"modified":"2026-03-05T08:14:39","modified_gmt":"2026-03-05T08:14:39","slug":"empoderamento-temporal-capacidade-real-de-decidir-como-distribuir-o-teu-tempo","status":"publish","type":"post","link":"https:\/\/www.forgenderseal.org\/gl\/empoderamento-temporal-capacidade-real-de-decidir-como-distribuir-o-teu-tempo\/","title":{"rendered":"Empoderamento temporal. Capacidade real de decidir como distribu\u00edr o teu tempo"},"content":{"rendered":"<div class=\"textboxes\">\n<div class=\"col_b\">\n<div class=\"textbox\">\n<div id=\"contenedor\" class=\"textarea unknown\">Cando escoitamos falar de #empoderamento no \u00e1mbito da loita pola igualdade de x\u00e9nero, sempre o asociamos co empoderamento econ\u00f3mico, pol\u00edtico, social ou persoal. Con todo, hoxe toca explicar o termo \u2018#empoderamientotemporal\u2019.<\/div>\n<div><\/div>\n<div class=\"textarea unknown\">\u23f3Se o termo \u2018empoderar\u2019 ref\u00edrese ao proceso polo que unha muller ga\u00f1a poder, recursos e capacidade de decisi\u00f3n para transformar as relaci\u00f3ns de desigualdade de x\u00e9nero, o \u2018empoderamento temporal\u2019 fai referencia a ter a capacidade real de decidir como distribu\u00edr o teu tempo e non s\u00f3 xestionalo. Se parte da base de que o tempo libre \u00e9 un dereito e non un privilexio, polo que se debe garantir:<\/div>\n<div><\/div>\n<div class=\"textarea unknown\">\u2013 Descansar e ter tempo propio.<\/div>\n<div class=\"textarea unknown\">\u2013 Coidar e ser coidado sen renunciar a dereitos.<\/div>\n<div class=\"textarea unknown\">\u2013 Formarse, participar e vivir con autonom\u00eda.<\/div>\n<div><\/div>\n<div class=\"textarea unknown\">\ud83d\udc49 Para iso, neces\u00edtase garantir unha serie de estratexias transversais, como un ensino que fomente a igualdade e perspectiva de x\u00e9nero, un emprego e servizos p\u00fablicos de calidade ou pol\u00edticas que fomenten unha repartici\u00f3n equitativa nos #usosdeltiempo.<\/div>\n<div><\/div>\n<div class=\"textarea unknown\">\ud83d\udca1Proxectos como #DIGECP, levado a cabo por Forgender Seal e INDA Iniciativas SL e co apoio da Uni\u00f3n Europea A Comisi\u00f3n Europea en Espa\u00f1a, promoven a #igualdade real, a #orresponsabilidad, a xustiza e a sustentabilidade para o \u00e1mbito municipal e supramunicipal, certificando o compromiso das devanditas instituci\u00f3ns coa #perspectivadeg\u00e9nero nas s\u00faas pol\u00edticas e actuaci\u00f3ns.<\/div>\n<div><\/div>\n<div class=\"textarea unknown\">\ud83d\udd0eGustar\u00edache saber m\u00e1is sobre o Proxecto DIGECP<\/div>\n<div class=\"textarea unknown\">\ud83d\udca1Unha oportunidade para ayuntameintos #concellos #gobiernoslocales<\/div>\n<div><\/div>\n<div>\u27a1\ufe0fInf\u00f3rmache nesta ligaz\u00f3n:<\/div>\n<div><\/div>\n<div>\n<p><img loading=\"lazy\" decoding=\"async\" class=\" wp-image-1399\" src=\"https:\/\/www.forgenderseal.org\/wp-content\/uploads\/2025\/11\/neu-3-768x208-2-300x81.jpg\" alt=\"Logos GAL\" width=\"530\" height=\"143\" srcset=\"https:\/\/www.forgenderseal.org\/wp-content\/uploads\/2025\/11\/neu-3-768x208-2-300x81.jpg 300w, https:\/\/www.forgenderseal.org\/wp-content\/uploads\/2025\/11\/neu-3-768x208-2.jpg 768w\" sizes=\"auto, (max-width: 530px) 100vw, 530px\" \/><\/p>\n<\/div>\n<div class=\"textarea unknown\"><\/div>\n<div class=\"options\"><\/div>\n<\/div>\n<\/div>\n<div class=\"links\"><\/div>\n<\/div>\n","protected":false},"excerpt":{"rendered":"<p>Cando escoitamos falar de #empoderamento no \u00e1mbito da loita pola igualdade de x\u00e9nero, sempre o asociamos co empoderamento econ\u00f3mico, pol\u00edtico, social ou persoal. Con todo, hoxe toca explicar o termo \u2018#empoderamientotemporal\u2019. \u23f3Se o termo \u2018empoderar\u2019 ref\u00edrese ao proceso polo que unha muller ga\u00f1a poder, recursos e capacidade de decisi\u00f3n para transformar as relaci\u00f3ns de desigualdade [&hellip;]<\/p>\n","protected":false},"author":4,"featured_media":1722,"comment_status":"closed","ping_status":"closed","sticky":false,"template":"","format":"standard","meta":{"footnotes":""},"categories":[4],"tags":[80,107,288,100,76,136,116,112],"class_list":["post-1721","post","type-post","status-publish","format-standard","has-post-thumbnail","hentry","category-uncategorized-gl","tag-concellos","tag-corresponsabilidade","tag-empoderamento-temporal","tag-forgender-seal","tag-igualdade","tag-igualdade-de-xenero","tag-union-europea","tag-usos-do-tempo"],"acf":[],"_links":{"self":[{"href":"https:\/\/www.forgenderseal.org\/gl\/wp-json\/wp\/v2\/posts\/1721","targetHints":{"allow":["GET"]}}],"collection":[{"href":"https:\/\/www.forgenderseal.org\/gl\/wp-json\/wp\/v2\/posts"}],"about":[{"href":"https:\/\/www.forgenderseal.org\/gl\/wp-json\/wp\/v2\/types\/post"}],"author":[{"embeddable":true,"href":"https:\/\/www.forgenderseal.org\/gl\/wp-json\/wp\/v2\/users\/4"}],"replies":[{"embeddable":true,"href":"https:\/\/www.forgenderseal.org\/gl\/wp-json\/wp\/v2\/comments?post=1721"}],"version-history":[{"count":1,"href":"https:\/\/www.forgenderseal.org\/gl\/wp-json\/wp\/v2\/posts\/1721\/revisions"}],"predecessor-version":[{"id":1723,"href":"https:\/\/www.forgenderseal.org\/gl\/wp-json\/wp\/v2\/posts\/1721\/revisions\/1723"}],"wp:featuredmedia":[{"embeddable":true,"href":"https:\/\/www.forgenderseal.org\/gl\/wp-json\/wp\/v2\/media\/1722"}],"wp:attachment":[{"href":"https:\/\/www.forgenderseal.org\/gl\/wp-json\/wp\/v2\/media?parent=1721"}],"wp:term":[{"taxonomy":"category","embeddable":true,"href":"https:\/\/www.forgenderseal.org\/gl\/wp-json\/wp\/v2\/categories?post=1721"},{"taxonomy":"post_tag","embeddable":true,"href":"https:\/\/www.forgenderseal.org\/gl\/wp-json\/wp\/v2\/tags?post=1721"}],"curies":[{"name":"wp","href":"https:\/\/api.w.org\/{rel}","templated":true}]}}